{"id":312,"date":"2016-03-06T14:56:47","date_gmt":"2016-03-06T13:56:47","guid":{"rendered":"http:\/\/spengler.photography\/?p=312"},"modified":"2024-02-23T13:12:40","modified_gmt":"2024-02-23T12:12:40","slug":"mein-erster-film-mit-der-adox-mess-golf-ii","status":"publish","type":"post","link":"https:\/\/spengler.photography\/blog\/2016\/03\/06\/mein-erster-film-mit-der-adox-mess-golf-ii\/","title":{"rendered":"Mein erster Film mit der ADOX Mess-Golf II"},"content":{"rendered":"<figure id=\"attachment_324\" aria-describedby=\"caption-attachment-324\" style=\"width: 600px\" class=\"wp-caption alignnone\"><img loading=\"lazy\" decoding=\"async\" src=\"https:\/\/spengler.photography\/blog\/wp-content\/uploads\/2016\/03\/ADOX-Mess-Golf-II.jpg\" alt=\"ADOX-Mess-Golf-II\" width=\"600\" height=\"384\" \/><figcaption id=\"caption-attachment-324\" class=\"wp-caption-text\">ADOX Mess-Golf II mit Steinheil Cassar 1:4,5\/75, PRONTOR-S und eingebautem Entfernungsmesser<\/figcaption><\/figure>\n<p>Im Dezember 2015 habe ich meinen letzten 120er ADOX CHS 50 mit meiner nagelneuen ADOX Mess-Golf II bei einem Spaziergang durch Wiesbaden belichtet. Die Kamera hatte ich im Monat zuvor bei Ebay f\u00fcr nur 14,05 \u20ac ersteigert und beim Verk\u00e4ufer pers\u00f6nlich abgeholt. Nach seiner Aussage wurde die Kamera vermutlich nie benutzt. Zumindest sieht sie wirklich so aus.<!--more--><\/p>\n<p>Ich war also gespannt auf meinen ersten belichteten Film. Und ich bin mit dem Ergebnis eigentlich ganz gl\u00fccklich. Allerdings habe ich auch ein paar Anf\u00e4ngerfehler gemacht. So habe ich bei zwei Bildern zwar die Entfernung gemessen, jedoch am Objektiv nicht eingestellt. Bei einem Bild habe ich den Bildausschnitt anhand des Entfernungsmessers gew\u00e4hlt. Dieser zeigt nur einen kleinen Teil des eigentlichen Bildes. Somit zeigte die Belichtung weit mehr als ich eigentlich auf das Bild haben wollte. Und schlie\u00dflich h\u00e4tte ich wohl bei der einen Gegenlichtaufnahme auch eine Gegenlichtblende benutzen sollen. Es fehlt noch die Routine mit dieser Kamera. Aber wie schon geschrieben, ich bin trotzdem ganz zufrieden. Der eingebaute Enfernungsmesser arbeitet sehr genau.<\/p>\n<p><strong>Nachtrag:<\/strong> Nachdem ich auch einen zweiten lichtempfindlicheren Film belichtet habe, musste ich feststellen, dass der Balgen der Kamera doch jede Menge kleiner L\u00f6cher hat. Der Taschenlampentrick hat mir dies best\u00e4tigt. Die Bilder des ersten Films entstanden auf einem niedrig lichtempfindlichen Film (ISO 50) und ich habe die Klappe der Kamera nach jeder Aufnahme wieder geschlossen. Somit gab es kaum die M\u00f6glichkeit f\u00fcr einfallendes Licht durch die nicht sichtbaren L\u00f6cher des Balgens.<\/p>\n<p>Hier die Ergebnisse:<\/p>\n<p><figure id=\"attachment_298\" aria-describedby=\"caption-attachment-298\" style=\"width: 600px\" class=\"wp-caption alignnone\"><img loading=\"lazy\" decoding=\"async\" src=\"https:\/\/spengler.photography\/blog\/wp-content\/uploads\/2016\/03\/adox-mess-golf-151226-01.jpg\" alt=\"Marmor-Industrie Wiesbaden\" width=\"600\" height=\"617\" \/><figcaption id=\"caption-attachment-298\" class=\"wp-caption-text\">1. Eine ganze Industrie in einem Hinterhof<\/figcaption><\/figure><figure id=\"attachment_299\" aria-describedby=\"caption-attachment-299\" style=\"width: 600px\" class=\"wp-caption alignnone\"><img loading=\"lazy\" decoding=\"async\" src=\"https:\/\/spengler.photography\/blog\/wp-content\/uploads\/2016\/03\/adox-mess-golf-151226-02.jpg\" alt=\"Enfernung messen ist gut \u2013 Entfernung auch einstellen ist noch besser!\" width=\"600\" height=\"582\" \/><figcaption id=\"caption-attachment-299\" class=\"wp-caption-text\">2. Enfernung messen ist gut \u2013 Entfernung auch einstellen ist noch besser!<\/figcaption><\/figure><figure id=\"attachment_300\" aria-describedby=\"caption-attachment-300\" style=\"width: 600px\" class=\"wp-caption alignnone\"><img loading=\"lazy\" decoding=\"async\" src=\"https:\/\/spengler.photography\/blog\/wp-content\/uploads\/2016\/03\/adox-mess-golf-151226-03.jpg\" alt=\"ADOX Mess Golf\" width=\"600\" height=\"619\" \/><figcaption id=\"caption-attachment-300\" class=\"wp-caption-text\">Und gleich nochmal das Einstellen vergessen.<\/figcaption><\/figure><figure id=\"attachment_301\" aria-describedby=\"caption-attachment-301\" style=\"width: 600px\" class=\"wp-caption alignnone\"><img loading=\"lazy\" decoding=\"async\" src=\"https:\/\/spengler.photography\/blog\/wp-content\/uploads\/2016\/03\/adox-mess-golf-151226-04.jpg\" alt=\"Im Entfernungsmesser sieht man nur einen Teil des abgelichteten Bildes. Also besser den Sucher zur Festlegung des Motivs benutzen. ;)\" width=\"600\" height=\"590\" \/><figcaption id=\"caption-attachment-301\" class=\"wp-caption-text\">4. Im Entfernungsmesser sieht man nur einen Teil des abgelichteten Bildes. Also besser den Sucher zur Festlegung des Motivs benutzen. \ud83d\ude09<\/figcaption><\/figure><figure id=\"attachment_302\" aria-describedby=\"caption-attachment-302\" style=\"width: 600px\" class=\"wp-caption alignnone\"><img loading=\"lazy\" decoding=\"async\" src=\"https:\/\/spengler.photography\/blog\/wp-content\/uploads\/2016\/03\/adox-mess-golf-151226-05.jpg\" alt=\"Die Mietze war gelangweilt und zeigte kein Interess als Model herzuhalten. Noch nicht optimal, aber ok.\" width=\"600\" height=\"578\" \/><figcaption id=\"caption-attachment-302\" class=\"wp-caption-text\">5. Die Mietze war gelangweilt und zeigte kein Interess f\u00fcr ein s\u00fc\u00dfes Katzenfoto zu posieren.<\/figcaption><\/figure><figure id=\"attachment_303\" aria-describedby=\"caption-attachment-303\" style=\"width: 600px\" class=\"wp-caption alignnone\"><img loading=\"lazy\" decoding=\"async\" src=\"https:\/\/spengler.photography\/blog\/wp-content\/uploads\/2016\/03\/adox-mess-golf-151226-06.jpg\" alt=\"Dazu gibt es nichts weiter zu sagen.\" width=\"600\" height=\"577\" \/><figcaption id=\"caption-attachment-303\" class=\"wp-caption-text\">6. Dazu gibt es nichts weiter zu sagen.<\/figcaption><\/figure><figure id=\"attachment_304\" aria-describedby=\"caption-attachment-304\" style=\"width: 600px\" class=\"wp-caption alignnone\"><img loading=\"lazy\" decoding=\"async\" src=\"https:\/\/spengler.photography\/blog\/wp-content\/uploads\/2016\/03\/adox-mess-golf-151226-07.jpg\" alt=\"Das Eldorado der Superm\u00e4rkte in der Bleichstra\u00dfe.\" width=\"600\" height=\"578\" \/><figcaption id=\"caption-attachment-304\" class=\"wp-caption-text\">7. Das Eldorado der Superm\u00e4rkte in der Bleichstra\u00dfe.<\/figcaption><\/figure><figure id=\"attachment_305\" aria-describedby=\"caption-attachment-305\" style=\"width: 600px\" class=\"wp-caption alignnone\"><img loading=\"lazy\" decoding=\"async\" src=\"https:\/\/spengler.photography\/blog\/wp-content\/uploads\/2016\/03\/adox-mess-golf-151226-08.jpg\" alt=\"adox-mess-golf-151226-08\" width=\"600\" height=\"583\" \/><figcaption id=\"caption-attachment-305\" class=\"wp-caption-text\">8. Der neu gestaltete Platz der Deutschen Einheit in Wiesbaden ist gelungen.<\/figcaption><\/figure><figure id=\"attachment_306\" aria-describedby=\"caption-attachment-306\" style=\"width: 600px\" class=\"wp-caption alignnone\"><img loading=\"lazy\" decoding=\"async\" src=\"https:\/\/spengler.photography\/blog\/wp-content\/uploads\/2016\/03\/adox-mess-golf-151226-09.jpg\" alt=\"Eine Gegenlichtblende zu benutzen ist manchmal ratsam. Besonders dann, wenn man die Sonne im Bild hat.\" width=\"600\" height=\"578\" \/><figcaption id=\"caption-attachment-306\" class=\"wp-caption-text\">9. Eine Gegenlichtblende zu benutzen ist manchmal ratsam. Besonders dann, wenn man die Sonne im Bild hat. <strong>Nachtrag:<\/strong> Es gibt wohl doch einige L\u00f6cher im Balgen und die Flecken entstanden durch unkontrolliert einfallendes Licht.<\/figcaption><\/figure><figure id=\"attachment_308\" aria-describedby=\"caption-attachment-308\" style=\"width: 600px\" class=\"wp-caption alignnone\"><img loading=\"lazy\" decoding=\"async\" src=\"https:\/\/spengler.photography\/blog\/wp-content\/uploads\/2016\/03\/adox-mess-golf-151226-11.jpg\" alt=\"Wirkt wie ein Fremdk\u00f6rper auf dem ehemaligen Platz der Deutschen Einheit.\" width=\"600\" height=\"583\" \/><figcaption id=\"caption-attachment-308\" class=\"wp-caption-text\">10. Wirkt wie ein Fremdk\u00f6rper auf dem ehemaligen Platz der Deutschen Einheit.<\/figcaption><\/figure><figure id=\"attachment_307\" aria-describedby=\"caption-attachment-307\" style=\"width: 600px\" class=\"wp-caption alignnone\"><img loading=\"lazy\" decoding=\"async\" src=\"https:\/\/spengler.photography\/blog\/wp-content\/uploads\/2016\/03\/adox-mess-golf-151226-10.jpg\" alt=\"Kondensstreifen erg\u00e4nzen die geometrischen Formen des Geb\u00e4udes.\" width=\"600\" height=\"609\" \/><figcaption id=\"caption-attachment-307\" class=\"wp-caption-text\">11. Kondensstreifen erg\u00e4nzen die geometrischen Formen des Geb\u00e4udes.<\/figcaption><\/figure><figure id=\"attachment_309\" aria-describedby=\"caption-attachment-309\" style=\"width: 600px\" class=\"wp-caption alignnone\"><img loading=\"lazy\" decoding=\"async\" src=\"https:\/\/spengler.photography\/blog\/wp-content\/uploads\/2016\/03\/adox-mess-golf-151226-12.jpg\" alt=\"Und noch ein bisschen Freestyle am Himmel.\" width=\"600\" height=\"576\" \/><figcaption id=\"caption-attachment-309\" class=\"wp-caption-text\">12. Und noch ein bisschen Freestyle am Himmel.<\/figcaption><\/figure><\/p>\n<p>Die ADOX Mess-Golf II, die ab etwa 1953 in Wiesbaden-Biebrich hergestellt wurde, hat meine Erwartungen \u00fcbertroffen. Ich denke ich habe meine Kamera f\u00fcr den n\u00e4chsten Fotomarathon in Wiesbaden am 28. Mai 2016 gefunden. Und was w\u00e4re passender als eine Kamera aus Wiesbaden zu benutzen?<\/p>\n","protected":false},"excerpt":{"rendered":"<p>Im Dezember 2015 habe ich meinen letzten 120er ADOX CHS 50 mit meiner nagelneuen ADOX Mess-Golf II bei einem Spaziergang durch Wiesbaden belichtet. Die Kamera hatte ich im Monat zuvor bei Ebay f\u00fcr nur 14,05 \u20ac ersteigert und beim Verk\u00e4ufer pers\u00f6nlich abgeholt. Nach seiner Aussage wurde die Kamera vermutlich nie benutzt. Zumindest sieht sie wirklich &hellip; <a href=\"https:\/\/spengler.photography\/blog\/2016\/03\/06\/mein-erster-film-mit-der-adox-mess-golf-ii\/\" class=\"more-link\"><span class=\"screen-reader-text\">&#8222;Mein erster Film mit der ADOX Mess-Golf II&#8220; <\/span>weiterlesen<\/a><\/p>\n","protected":false},"author":1,"featured_media":0,"comment_status":"open","ping_status":"open","sticky":false,"template":"","format":"standard","meta":{"footnotes":""},"categories":[2,29,3],"tags":[17,4,9,7,19,18,16,5,15,31],"_links":{"self":[{"href":"https:\/\/spengler.photography\/blog\/wp-json\/wp\/v2\/posts\/312"}],"collection":[{"href":"https:\/\/spengler.photography\/blog\/wp-json\/wp\/v2\/posts"}],"about":[{"href":"https:\/\/spengler.photography\/blog\/wp-json\/wp\/v2\/types\/post"}],"author":[{"embeddable":true,"href":"https:\/\/spengler.photography\/blog\/wp-json\/wp\/v2\/users\/1"}],"replies":[{"embeddable":true,"href":"https:\/\/spengler.photography\/blog\/wp-json\/wp\/v2\/comments?post=312"}],"version-history":[{"count":24,"href":"https:\/\/spengler.photography\/blog\/wp-json\/wp\/v2\/posts\/312\/revisions"}],"predecessor-version":[{"id":1170,"href":"https:\/\/spengler.photography\/blog\/wp-json\/wp\/v2\/posts\/312\/revisions\/1170"}],"wp:attachment":[{"href":"https:\/\/spengler.photography\/blog\/wp-json\/wp\/v2\/media?parent=312"}],"wp:term":[{"taxonomy":"category","embeddable":true,"href":"https:\/\/spengler.photography\/blog\/wp-json\/wp\/v2\/categories?post=312"},{"taxonomy":"post_tag","embeddable":true,"href":"https:\/\/spengler.photography\/blog\/wp-json\/wp\/v2\/tags?post=312"}],"curies":[{"name":"wp","href":"https:\/\/api.w.org\/{rel}","templated":true}]}}